{"id":370,"date":"2023-11-22T18:21:45","date_gmt":"2023-11-22T17:21:45","guid":{"rendered":"http:\/\/enfancejeunesse-essert.fr\/?p=370"},"modified":"2024-03-14T14:49:29","modified_gmt":"2024-03-14T13:49:29","slug":"les-dernieres-nouvelles","status":"publish","type":"post","link":"https:\/\/enfancejeunesse-essert.fr\/index.php\/2023\/11\/22\/les-dernieres-nouvelles\/","title":{"rendered":"Les derni\u00e8res nouvelles"},"content":{"rendered":"\n<p>Comme vous le savez cette rentr\u00e9e a \u00e9t\u00e9 l\u2019occasion de g\u00e9n\u00e9raliser l\u2019utilisation du Portail famille pour la gestion des inscriptions au centre de loisirs, mais aussi de ventiler diff\u00e9remment les enfants de l\u2019\u00e9cole Cousteau pour s\u2019assurer d\u2019un accueil de qualit\u00e9. A cette occasion, nous avons inaugur\u00e9 une nouvelle petite salle de restauration. Les enfants sont maintenant mieux r\u00e9partis sur l\u2019ensemble de notre structure avec en plus l\u2019utilisation de l\u2019antenne m\u00e9diath\u00e8que sur les temps du midi et du soir.<\/p>\n\n\n\n<p><strong><mark style=\"background-color:rgba(0, 0, 0, 0)\" class=\"has-inline-color has-kubio-color-1-color\"><a href=\"http:\/\/enfancejeunesse-essert.fr\/index.php\/portail-famille\/\" data-type=\"page\" data-id=\"37\">Utilisation du portail famille<\/a><\/mark><\/strong><\/p>\n\n\n\n<p>Comme nous vous l\u2019avons d\u00e9j\u00e0 signal\u00e9, nous constatons que certains enfants ne sont pas pr\u00e9sents sur certains accueils, contrairement aux demandes que vous nous avez pr\u00e9c\u00e9demment communiqu\u00e9es.<br>Nous vous rappelons que pour ne pas \u00eatre factur\u00e9 sur les cr\u00e9neaux que vous ne souhaitez pas<br>conserver,&nbsp;il est important que vous ajustiez vos demandes sur le portail famille, ce qui permettra<br>\u00e9galement de lib\u00e9rer des places.<br><br><strong><mark style=\"background-color:rgba(0, 0, 0, 0)\" class=\"has-inline-color has-kubio-color-1-color\">Vacances d\u2019automne<br><\/mark><\/strong>Les inscriptions pour ces prochaines vacances se d\u00e9rouleront en priorit\u00e9 du lundi 26 septembre au<br>vendredi 7 octobre pour les Essertois. Passez cette date, vos demandes seront enregistr\u00e9es en fonction des places disponibles. Fin des inscriptions le vendredi 14 Octobre.<\/p>\n\n\n\n<p><strong>Pass\u2019Ados<\/strong><\/p>\n\n\n\n<p><em>*Mercredis<\/em><br>Le nouvel accueil pour les jeunes coll\u00e9giens de 11 \u00e0 14 ans est ouvert tous les mercredis de 13h30 \u00e0<br>18h15 dans la salle Pomme d\u2019Api. Il y a encore de la place\u00a0! Pour toute demande de renseignements,<br>vous pouvez contacter Jean-Christophe et Jessica au centre de loisirs ou sur l\u2019adresse<br>passados@essert.fr.<br><\/p>\n\n\n\n<p><em>*Vacances scolaires<\/em><br>Le Pass\u2019Ados accueillera \u00e9galement les jeunes pendant la premi\u00e8re semaine des vacances<br>d\u2019Automne, sur les cr\u00e9neaux suivants&nbsp;: Lundi 24\/10, mardi 25\/10, mercredi 26\/10 et vendredi 28\/10<br>en Apr\u00e8s-midi (de 13h30 \u00e0 18h15), et Jeudi 27\/10 en journ\u00e9e compl\u00e8te (8h30-18h30).<br>Au programme&nbsp;: Visite d\u2019expo, d\u00e9co de salle, tournoi sportif, cuisine et journ\u00e9e sortie&nbsp;!<\/p>\n\n\n\n<p><strong><mark style=\"background-color:rgba(0, 0, 0, 0)\" class=\"has-inline-color has-kubio-color-1-color\">Les 3 Pommes<\/mark><\/strong><\/p>\n\n\n\n<p>Les plannings d\u2019activit\u00e9s seront disponibles \u00e0 Pomme d\u2019Api \u00e0 partir du Jeudi 6 Octobre.<br>Inscriptions par mail (passados@essert.fr) jusqu\u2019au Vendredi 14 Octobre 2022.<br>Toute l\u2019\u00e9quipe d\u2019animation reste \u00e0 votre disposition pour tous renseignements compl\u00e9mentaires.<\/p>\n\n\n\n<p><\/p>\n","protected":false},"excerpt":{"rendered":"<p>Comme vous le savez cette rentr\u00e9e a \u00e9t\u00e9 l\u2019occasion de g\u00e9n\u00e9raliser l\u2019utilisation du Portail famille pour la gestion des inscriptions au centre de loisirs, mais aussi de ventiler diff\u00e9remment les enfants de l\u2019\u00e9cole Cousteau pour s\u2019assurer d\u2019un accueil de qualit\u00e9. A cette occasion, nous avons inaugur\u00e9 une nouvelle petite salle de restauration. Les enfants sont [&hellip;]<\/p>\n","protected":false},"author":2,"featured_media":186,"comment_status":"open","ping_status":"open","sticky":false,"template":"","format":"standard","meta":{"_monsterinsights_skip_tracking":false,"_monsterinsights_sitenote_active":false,"_monsterinsights_sitenote_note":"","_monsterinsights_sitenote_category":0,"footnotes":""},"categories":[16,13,1],"tags":[],"class_list":["post-370","post","type-post","status-publish","format-standard","has-post-thumbnail","hentry","category-pass","category-3-pommes","category-non-classe"],"yoast_head":"<!-- This site is optimized with the Yoast SEO plugin v22.8 - https:\/\/yoast.com\/wordpress\/plugins\/seo\/ -->\n<title>Les derni\u00e8res nouvelles - Enfance jeunesse Essert<\/title>\n<meta name=\"robots\" content=\"index, follow, max-snippet:-1, max-image-preview:large, max-video-preview:-1\" \/>\n<link rel=\"canonical\" href=\"http:\/\/enfancejeunesse-essert.fr\/index.php\/2023\/11\/22\/les-dernieres-nouvelles\/\" \/>\n<meta property=\"og:locale\" content=\"fr_FR\" \/>\n<meta property=\"og:type\" content=\"article\" \/>\n<meta property=\"og:title\" content=\"Les derni\u00e8res nouvelles - Enfance jeunesse Essert\" \/>\n<meta property=\"og:description\" content=\"Comme vous le savez cette rentr\u00e9e a \u00e9t\u00e9 l\u2019occasion de g\u00e9n\u00e9raliser l\u2019utilisation du Portail famille pour la gestion des inscriptions au centre de loisirs, mais aussi de ventiler diff\u00e9remment les enfants de l\u2019\u00e9cole Cousteau pour s\u2019assurer d\u2019un accueil de qualit\u00e9. A cette occasion, nous avons inaugur\u00e9 une nouvelle petite salle de restauration. Les enfants sont [&hellip;]\" \/>\n<meta property=\"og:url\" content=\"http:\/\/enfancejeunesse-essert.fr\/index.php\/2023\/11\/22\/les-dernieres-nouvelles\/\" \/>\n<meta property=\"og:site_name\" content=\"Enfance jeunesse Essert\" \/>\n<meta property=\"article:published_time\" content=\"2023-11-22T17:21:45+00:00\" \/>\n<meta property=\"article:modified_time\" content=\"2024-03-14T13:49:29+00:00\" \/>\n<meta property=\"og:image\" content=\"http:\/\/enfancejeunesse-essert.fr\/wp-content\/uploads\/2023\/11\/IMG_2643-scaled.jpg\" \/>\n\t<meta property=\"og:image:width\" content=\"2560\" \/>\n\t<meta property=\"og:image:height\" content=\"1707\" \/>\n\t<meta property=\"og:image:type\" content=\"image\/jpeg\" \/>\n<meta name=\"author\" content=\"Lana Moinault\" \/>\n<meta name=\"twitter:card\" content=\"summary_large_image\" \/>\n<meta name=\"twitter:label1\" content=\"\u00c9crit par\" \/>\n\t<meta name=\"twitter:data1\" content=\"Lana Moinault\" \/>\n\t<meta name=\"twitter:label2\" content=\"Dur\u00e9e de lecture estim\u00e9e\" \/>\n\t<meta name=\"twitter:data2\" content=\"2 minutes\" \/>\n<script type=\"application\/ld+json\" class=\"yoast-schema-graph\">{\"@context\":\"https:\/\/schema.org\",\"@graph\":[{\"@type\":\"Article\",\"@id\":\"http:\/\/enfancejeunesse-essert.fr\/index.php\/2023\/11\/22\/les-dernieres-nouvelles\/#article\",\"isPartOf\":{\"@id\":\"http:\/\/enfancejeunesse-essert.fr\/index.php\/2023\/11\/22\/les-dernieres-nouvelles\/\"},\"author\":{\"name\":\"Lana Moinault\",\"@id\":\"https:\/\/enfancejeunesse-essert.fr\/#\/schema\/person\/2d0c4329f49f2a0674db0f7958d37ec6\"},\"headline\":\"Les derni\u00e8res nouvelles\",\"datePublished\":\"2023-11-22T17:21:45+00:00\",\"dateModified\":\"2024-03-14T13:49:29+00:00\",\"mainEntityOfPage\":{\"@id\":\"http:\/\/enfancejeunesse-essert.fr\/index.php\/2023\/11\/22\/les-dernieres-nouvelles\/\"},\"wordCount\":371,\"commentCount\":0,\"publisher\":{\"@id\":\"https:\/\/enfancejeunesse-essert.fr\/#organization\"},\"image\":{\"@id\":\"http:\/\/enfancejeunesse-essert.fr\/index.php\/2023\/11\/22\/les-dernieres-nouvelles\/#primaryimage\"},\"thumbnailUrl\":\"https:\/\/enfancejeunesse-essert.fr\/wp-content\/uploads\/2023\/11\/IMG_2643-scaled.jpg\",\"articleSection\":[\"Le Pass'Ados\",\"Les 3 Pommes\"],\"inLanguage\":\"fr-FR\"},{\"@type\":\"WebPage\",\"@id\":\"http:\/\/enfancejeunesse-essert.fr\/index.php\/2023\/11\/22\/les-dernieres-nouvelles\/\",\"url\":\"http:\/\/enfancejeunesse-essert.fr\/index.php\/2023\/11\/22\/les-dernieres-nouvelles\/\",\"name\":\"Les derni\u00e8res nouvelles - Enfance jeunesse Essert\",\"isPartOf\":{\"@id\":\"https:\/\/enfancejeunesse-essert.fr\/#website\"},\"primaryImageOfPage\":{\"@id\":\"http:\/\/enfancejeunesse-essert.fr\/index.php\/2023\/11\/22\/les-dernieres-nouvelles\/#primaryimage\"},\"image\":{\"@id\":\"http:\/\/enfancejeunesse-essert.fr\/index.php\/2023\/11\/22\/les-dernieres-nouvelles\/#primaryimage\"},\"thumbnailUrl\":\"https:\/\/enfancejeunesse-essert.fr\/wp-content\/uploads\/2023\/11\/IMG_2643-scaled.jpg\",\"datePublished\":\"2023-11-22T17:21:45+00:00\",\"dateModified\":\"2024-03-14T13:49:29+00:00\",\"breadcrumb\":{\"@id\":\"http:\/\/enfancejeunesse-essert.fr\/index.php\/2023\/11\/22\/les-dernieres-nouvelles\/#breadcrumb\"},\"inLanguage\":\"fr-FR\",\"potentialAction\":[{\"@type\":\"ReadAction\",\"target\":[\"http:\/\/enfancejeunesse-essert.fr\/index.php\/2023\/11\/22\/les-dernieres-nouvelles\/\"]}]},{\"@type\":\"ImageObject\",\"inLanguage\":\"fr-FR\",\"@id\":\"http:\/\/enfancejeunesse-essert.fr\/index.php\/2023\/11\/22\/les-dernieres-nouvelles\/#primaryimage\",\"url\":\"https:\/\/enfancejeunesse-essert.fr\/wp-content\/uploads\/2023\/11\/IMG_2643-scaled.jpg\",\"contentUrl\":\"https:\/\/enfancejeunesse-essert.fr\/wp-content\/uploads\/2023\/11\/IMG_2643-scaled.jpg\",\"width\":2560,\"height\":1707},{\"@type\":\"BreadcrumbList\",\"@id\":\"http:\/\/enfancejeunesse-essert.fr\/index.php\/2023\/11\/22\/les-dernieres-nouvelles\/#breadcrumb\",\"itemListElement\":[{\"@type\":\"ListItem\",\"position\":1,\"name\":\"Accueil\",\"item\":\"https:\/\/enfancejeunesse-essert.fr\/\"},{\"@type\":\"ListItem\",\"position\":2,\"name\":\"Les derni\u00e8res nouvelles\"}]},{\"@type\":\"WebSite\",\"@id\":\"https:\/\/enfancejeunesse-essert.fr\/#website\",\"url\":\"https:\/\/enfancejeunesse-essert.fr\/\",\"name\":\"Enfance jeunesse Essert\",\"description\":\"Vos actus, planning, dossiers d&#039;inscription...\",\"publisher\":{\"@id\":\"https:\/\/enfancejeunesse-essert.fr\/#organization\"},\"potentialAction\":[{\"@type\":\"SearchAction\",\"target\":{\"@type\":\"EntryPoint\",\"urlTemplate\":\"https:\/\/enfancejeunesse-essert.fr\/?s={search_term_string}\"},\"query-input\":\"required name=search_term_string\"}],\"inLanguage\":\"fr-FR\"},{\"@type\":\"Organization\",\"@id\":\"https:\/\/enfancejeunesse-essert.fr\/#organization\",\"name\":\"Enfance jeunesse Essert\",\"url\":\"https:\/\/enfancejeunesse-essert.fr\/\",\"logo\":{\"@type\":\"ImageObject\",\"inLanguage\":\"fr-FR\",\"@id\":\"https:\/\/enfancejeunesse-essert.fr\/#\/schema\/logo\/image\/\",\"url\":\"https:\/\/enfancejeunesse-essert.fr\/wp-content\/uploads\/2024\/03\/cropped-essert-enfance_Plan-de-travail-1.png\",\"contentUrl\":\"https:\/\/enfancejeunesse-essert.fr\/wp-content\/uploads\/2024\/03\/cropped-essert-enfance_Plan-de-travail-1.png\",\"width\":7057,\"height\":3200,\"caption\":\"Enfance jeunesse Essert\"},\"image\":{\"@id\":\"https:\/\/enfancejeunesse-essert.fr\/#\/schema\/logo\/image\/\"}},{\"@type\":\"Person\",\"@id\":\"https:\/\/enfancejeunesse-essert.fr\/#\/schema\/person\/2d0c4329f49f2a0674db0f7958d37ec6\",\"name\":\"Lana Moinault\",\"image\":{\"@type\":\"ImageObject\",\"inLanguage\":\"fr-FR\",\"@id\":\"https:\/\/enfancejeunesse-essert.fr\/#\/schema\/person\/image\/\",\"url\":\"https:\/\/secure.gravatar.com\/avatar\/b82006bbc180d6cad61681843b700198403053b0595b275ed11fd2ebdf3e1b01?s=96&d=mm&r=g\",\"contentUrl\":\"https:\/\/secure.gravatar.com\/avatar\/b82006bbc180d6cad61681843b700198403053b0595b275ed11fd2ebdf3e1b01?s=96&d=mm&r=g\",\"caption\":\"Lana Moinault\"},\"url\":\"https:\/\/enfancejeunesse-essert.fr\/index.php\/author\/lmoinault\/\"}]}<\/script>\n<!-- \/ Yoast SEO plugin. -->","yoast_head_json":{"title":"Les derni\u00e8res nouvelles - Enfance jeunesse Essert","robots":{"index":"index","follow":"follow","max-snippet":"max-snippet:-1","max-image-preview":"max-image-preview:large","max-video-preview":"max-video-preview:-1"},"canonical":"http:\/\/enfancejeunesse-essert.fr\/index.php\/2023\/11\/22\/les-dernieres-nouvelles\/","og_locale":"fr_FR","og_type":"article","og_title":"Les derni\u00e8res nouvelles - Enfance jeunesse Essert","og_description":"Comme vous le savez cette rentr\u00e9e a \u00e9t\u00e9 l\u2019occasion de g\u00e9n\u00e9raliser l\u2019utilisation du Portail famille pour la gestion des inscriptions au centre de loisirs, mais aussi de ventiler diff\u00e9remment les enfants de l\u2019\u00e9cole Cousteau pour s\u2019assurer d\u2019un accueil de qualit\u00e9. A cette occasion, nous avons inaugur\u00e9 une nouvelle petite salle de restauration. Les enfants sont [&hellip;]","og_url":"http:\/\/enfancejeunesse-essert.fr\/index.php\/2023\/11\/22\/les-dernieres-nouvelles\/","og_site_name":"Enfance jeunesse Essert","article_published_time":"2023-11-22T17:21:45+00:00","article_modified_time":"2024-03-14T13:49:29+00:00","og_image":[{"width":2560,"height":1707,"url":"http:\/\/enfancejeunesse-essert.fr\/wp-content\/uploads\/2023\/11\/IMG_2643-scaled.jpg","type":"image\/jpeg"}],"author":"Lana Moinault","twitter_card":"summary_large_image","twitter_misc":{"\u00c9crit par":"Lana Moinault","Dur\u00e9e de lecture estim\u00e9e":"2 minutes"},"schema":{"@context":"https:\/\/schema.org","@graph":[{"@type":"Article","@id":"http:\/\/enfancejeunesse-essert.fr\/index.php\/2023\/11\/22\/les-dernieres-nouvelles\/#article","isPartOf":{"@id":"http:\/\/enfancejeunesse-essert.fr\/index.php\/2023\/11\/22\/les-dernieres-nouvelles\/"},"author":{"name":"Lana Moinault","@id":"https:\/\/enfancejeunesse-essert.fr\/#\/schema\/person\/2d0c4329f49f2a0674db0f7958d37ec6"},"headline":"Les derni\u00e8res nouvelles","datePublished":"2023-11-22T17:21:45+00:00","dateModified":"2024-03-14T13:49:29+00:00","mainEntityOfPage":{"@id":"http:\/\/enfancejeunesse-essert.fr\/index.php\/2023\/11\/22\/les-dernieres-nouvelles\/"},"wordCount":371,"commentCount":0,"publisher":{"@id":"https:\/\/enfancejeunesse-essert.fr\/#organization"},"image":{"@id":"http:\/\/enfancejeunesse-essert.fr\/index.php\/2023\/11\/22\/les-dernieres-nouvelles\/#primaryimage"},"thumbnailUrl":"https:\/\/enfancejeunesse-essert.fr\/wp-content\/uploads\/2023\/11\/IMG_2643-scaled.jpg","articleSection":["Le Pass'Ados","Les 3 Pommes"],"inLanguage":"fr-FR"},{"@type":"WebPage","@id":"http:\/\/enfancejeunesse-essert.fr\/index.php\/2023\/11\/22\/les-dernieres-nouvelles\/","url":"http:\/\/enfancejeunesse-essert.fr\/index.php\/2023\/11\/22\/les-dernieres-nouvelles\/","name":"Les derni\u00e8res nouvelles - Enfance jeunesse Essert","isPartOf":{"@id":"https:\/\/enfancejeunesse-essert.fr\/#website"},"primaryImageOfPage":{"@id":"http:\/\/enfancejeunesse-essert.fr\/index.php\/2023\/11\/22\/les-dernieres-nouvelles\/#primaryimage"},"image":{"@id":"http:\/\/enfancejeunesse-essert.fr\/index.php\/2023\/11\/22\/les-dernieres-nouvelles\/#primaryimage"},"thumbnailUrl":"https:\/\/enfancejeunesse-essert.fr\/wp-content\/uploads\/2023\/11\/IMG_2643-scaled.jpg","datePublished":"2023-11-22T17:21:45+00:00","dateModified":"2024-03-14T13:49:29+00:00","breadcrumb":{"@id":"http:\/\/enfancejeunesse-essert.fr\/index.php\/2023\/11\/22\/les-dernieres-nouvelles\/#breadcrumb"},"inLanguage":"fr-FR","potentialAction":[{"@type":"ReadAction","target":["http:\/\/enfancejeunesse-essert.fr\/index.php\/2023\/11\/22\/les-dernieres-nouvelles\/"]}]},{"@type":"ImageObject","inLanguage":"fr-FR","@id":"http:\/\/enfancejeunesse-essert.fr\/index.php\/2023\/11\/22\/les-dernieres-nouvelles\/#primaryimage","url":"https:\/\/enfancejeunesse-essert.fr\/wp-content\/uploads\/2023\/11\/IMG_2643-scaled.jpg","contentUrl":"https:\/\/enfancejeunesse-essert.fr\/wp-content\/uploads\/2023\/11\/IMG_2643-scaled.jpg","width":2560,"height":1707},{"@type":"BreadcrumbList","@id":"http:\/\/enfancejeunesse-essert.fr\/index.php\/2023\/11\/22\/les-dernieres-nouvelles\/#breadcrumb","itemListElement":[{"@type":"ListItem","position":1,"name":"Accueil","item":"https:\/\/enfancejeunesse-essert.fr\/"},{"@type":"ListItem","position":2,"name":"Les derni\u00e8res nouvelles"}]},{"@type":"WebSite","@id":"https:\/\/enfancejeunesse-essert.fr\/#website","url":"https:\/\/enfancejeunesse-essert.fr\/","name":"Enfance jeunesse Essert","description":"Vos actus, planning, dossiers d&#039;inscription...","publisher":{"@id":"https:\/\/enfancejeunesse-essert.fr\/#organization"},"potentialAction":[{"@type":"SearchAction","target":{"@type":"EntryPoint","urlTemplate":"https:\/\/enfancejeunesse-essert.fr\/?s={search_term_string}"},"query-input":"required name=search_term_string"}],"inLanguage":"fr-FR"},{"@type":"Organization","@id":"https:\/\/enfancejeunesse-essert.fr\/#organization","name":"Enfance jeunesse Essert","url":"https:\/\/enfancejeunesse-essert.fr\/","logo":{"@type":"ImageObject","inLanguage":"fr-FR","@id":"https:\/\/enfancejeunesse-essert.fr\/#\/schema\/logo\/image\/","url":"https:\/\/enfancejeunesse-essert.fr\/wp-content\/uploads\/2024\/03\/cropped-essert-enfance_Plan-de-travail-1.png","contentUrl":"https:\/\/enfancejeunesse-essert.fr\/wp-content\/uploads\/2024\/03\/cropped-essert-enfance_Plan-de-travail-1.png","width":7057,"height":3200,"caption":"Enfance jeunesse Essert"},"image":{"@id":"https:\/\/enfancejeunesse-essert.fr\/#\/schema\/logo\/image\/"}},{"@type":"Person","@id":"https:\/\/enfancejeunesse-essert.fr\/#\/schema\/person\/2d0c4329f49f2a0674db0f7958d37ec6","name":"Lana Moinault","image":{"@type":"ImageObject","inLanguage":"fr-FR","@id":"https:\/\/enfancejeunesse-essert.fr\/#\/schema\/person\/image\/","url":"https:\/\/secure.gravatar.com\/avatar\/b82006bbc180d6cad61681843b700198403053b0595b275ed11fd2ebdf3e1b01?s=96&d=mm&r=g","contentUrl":"https:\/\/secure.gravatar.com\/avatar\/b82006bbc180d6cad61681843b700198403053b0595b275ed11fd2ebdf3e1b01?s=96&d=mm&r=g","caption":"Lana Moinault"},"url":"https:\/\/enfancejeunesse-essert.fr\/index.php\/author\/lmoinault\/"}]}},"_links":{"self":[{"href":"https:\/\/enfancejeunesse-essert.fr\/index.php\/wp-json\/wp\/v2\/posts\/370","targetHints":{"allow":["GET"]}}],"collection":[{"href":"https:\/\/enfancejeunesse-essert.fr\/index.php\/wp-json\/wp\/v2\/posts"}],"about":[{"href":"https:\/\/enfancejeunesse-essert.fr\/index.php\/wp-json\/wp\/v2\/types\/post"}],"author":[{"embeddable":true,"href":"https:\/\/enfancejeunesse-essert.fr\/index.php\/wp-json\/wp\/v2\/users\/2"}],"replies":[{"embeddable":true,"href":"https:\/\/enfancejeunesse-essert.fr\/index.php\/wp-json\/wp\/v2\/comments?post=370"}],"version-history":[{"count":3,"href":"https:\/\/enfancejeunesse-essert.fr\/index.php\/wp-json\/wp\/v2\/posts\/370\/revisions"}],"predecessor-version":[{"id":1373,"href":"https:\/\/enfancejeunesse-essert.fr\/index.php\/wp-json\/wp\/v2\/posts\/370\/revisions\/1373"}],"wp:featuredmedia":[{"embeddable":true,"href":"https:\/\/enfancejeunesse-essert.fr\/index.php\/wp-json\/wp\/v2\/media\/186"}],"wp:attachment":[{"href":"https:\/\/enfancejeunesse-essert.fr\/index.php\/wp-json\/wp\/v2\/media?parent=370"}],"wp:term":[{"taxonomy":"category","embeddable":true,"href":"https:\/\/enfancejeunesse-essert.fr\/index.php\/wp-json\/wp\/v2\/categories?post=370"},{"taxonomy":"post_tag","embeddable":true,"href":"https:\/\/enfancejeunesse-essert.fr\/index.php\/wp-json\/wp\/v2\/tags?post=370"}],"curies":[{"name":"wp","href":"https:\/\/api.w.org\/{rel}","templated":true}]}}