{"id":1802,"date":"2024-09-10T09:51:13","date_gmt":"2024-09-10T07:51:13","guid":{"rendered":"http:\/\/enfancejeunesse-essert.fr\/?p=1802"},"modified":"2024-09-10T09:54:02","modified_gmt":"2024-09-10T07:54:02","slug":"jeunessertoises","status":"publish","type":"post","link":"https:\/\/enfancejeunesse-essert.fr\/index.php\/2024\/09\/10\/jeunessertoises\/","title":{"rendered":"Jeun&rsquo;Essertoises"},"content":{"rendered":"\t\t<div data-elementor-type=\"wp-post\" data-elementor-id=\"1802\" class=\"elementor elementor-1802\">\n\t\t\t\t<div class=\"elementor-element elementor-element-c892eaf e-flex e-con-boxed wpr-particle-no wpr-jarallax-no wpr-parallax-no wpr-sticky-section-no e-con e-parent\" data-id=\"c892eaf\" data-element_type=\"container\" data-e-type=\"container\">\n\t\t\t\t\t<div class=\"e-con-inner\">\n\t\t\t\t<div class=\"elementor-element elementor-element-26842ee elementor-widget elementor-widget-text-editor\" data-id=\"26842ee\" data-element_type=\"widget\" data-e-type=\"widget\" data-widget_type=\"text-editor.default\">\n\t\t\t\t<div class=\"elementor-widget-container\">\n\t\t\t\t\t\t\t\t\t<div>Le Samedi 21 Septembre, nous nous joindrons aux diverses associations communales, et en particulier au <strong><span style=\"text-decoration: underline;\"><a href=\"https:\/\/jumelagessertballinamucktwinning.org\/\">comit\u00e9 de jumelage Essert-Ballinamuck<\/a><\/span><\/strong> pour participer aux Jeun&rsquo;Essertoises sur la place de la mairie (comme initialement pr\u00e9vu le 1er Juin).<\/div><div>\u00a0<\/div><div>Nous comptons sur un maximum de jeunes pour faire vivre cette f\u00eate (pr\u00e9paration et installation, tenue de stands de jeux, vente de cr\u00eapes et g\u00e2teaux&#8230;). Vous trouverez ci-dessous une fiche d&rsquo;inscription sp\u00e9cifique \u00e0 cette manifestation (soir\u00e9e et journ\u00e9e du Samedi), pensez \u00e0 nous retourner cette fiche le plus rapidement possible.<\/div>\t\t\t\t\t\t\t\t<\/div>\n\t\t\t\t<\/div>\n\t\t\t\t\t<\/div>\n\t\t\t\t<\/div>\n\t\t<div class=\"elementor-element elementor-element-ee4ddf8 e-flex e-con-boxed wpr-particle-no wpr-jarallax-no wpr-parallax-no wpr-sticky-section-no e-con e-parent\" data-id=\"ee4ddf8\" data-element_type=\"container\" data-e-type=\"container\">\n\t\t\t\t\t<div class=\"e-con-inner\">\n\t\t\t\t<div class=\"elementor-element elementor-element-b62417b elementor-button-info elementor-align-center elementor-widget elementor-widget-button\" data-id=\"b62417b\" data-element_type=\"widget\" data-e-type=\"widget\" data-widget_type=\"button.default\">\n\t\t\t\t<div class=\"elementor-widget-container\">\n\t\t\t\t\t\t\t\t\t<div class=\"elementor-button-wrapper\">\n\t\t\t\t\t<a class=\"elementor-button elementor-button-link elementor-size-sm\" href=\"\">\n\t\t\t\t\t\t<span class=\"elementor-button-content-wrapper\">\n\t\t\t\t\t\t\t\t\t<span class=\"elementor-button-text\">Fiche d'inscription ici<\/span>\n\t\t\t\t\t<\/span>\n\t\t\t\t\t<\/a>\n\t\t\t\t<\/div>\n\t\t\t\t\t\t\t\t<\/div>\n\t\t\t\t<\/div>\n\t\t\t\t\t<\/div>\n\t\t\t\t<\/div>\n\t\t\t\t<\/div>\n\t\t","protected":false},"excerpt":{"rendered":"<p>Le Samedi 21 Septembre, nous nous joindrons aux diverses associations communales, et en particulier au comit\u00e9 de jumelage Essert-Ballinamuck pour participer aux Jeun&rsquo;Essertoises sur la place de la mairie (comme initialement pr\u00e9vu le 1er Juin).\u00a0Nous comptons sur un maximum de jeunes pour faire vivre cette f\u00eate (pr\u00e9paration et installation, tenue de stands de jeux, vente [&hellip;]<\/p>\n","protected":false},"author":2,"featured_media":0,"comment_status":"closed","ping_status":"closed","sticky":false,"template":"","format":"standard","meta":{"_monsterinsights_skip_tracking":false,"_monsterinsights_sitenote_active":false,"_monsterinsights_sitenote_note":"","_monsterinsights_sitenote_category":0,"footnotes":""},"categories":[16,1],"tags":[],"class_list":["post-1802","post","type-post","status-publish","format-standard","hentry","category-pass","category-non-classe"],"yoast_head":"<!-- This site is optimized with the Yoast SEO plugin v22.8 - https:\/\/yoast.com\/wordpress\/plugins\/seo\/ -->\n<title>Jeun&#039;Essertoises - Enfance jeunesse Essert<\/title>\n<meta name=\"robots\" content=\"index, follow, max-snippet:-1, max-image-preview:large, max-video-preview:-1\" \/>\n<link rel=\"canonical\" href=\"http:\/\/enfancejeunesse-essert.fr\/index.php\/2024\/09\/10\/jeunessertoises\/\" \/>\n<meta property=\"og:locale\" content=\"fr_FR\" \/>\n<meta property=\"og:type\" content=\"article\" \/>\n<meta property=\"og:title\" content=\"Jeun&#039;Essertoises - Enfance jeunesse Essert\" \/>\n<meta property=\"og:description\" content=\"Le Samedi 21 Septembre, nous nous joindrons aux diverses associations communales, et en particulier au comit\u00e9 de jumelage Essert-Ballinamuck pour participer aux Jeun&rsquo;Essertoises sur la place de la mairie (comme initialement pr\u00e9vu le 1er Juin).\u00a0Nous comptons sur un maximum de jeunes pour faire vivre cette f\u00eate (pr\u00e9paration et installation, tenue de stands de jeux, vente [&hellip;]\" \/>\n<meta property=\"og:url\" content=\"http:\/\/enfancejeunesse-essert.fr\/index.php\/2024\/09\/10\/jeunessertoises\/\" \/>\n<meta property=\"og:site_name\" content=\"Enfance jeunesse Essert\" \/>\n<meta property=\"article:published_time\" content=\"2024-09-10T07:51:13+00:00\" \/>\n<meta property=\"article:modified_time\" content=\"2024-09-10T07:54:02+00:00\" \/>\n<meta property=\"og:image\" content=\"http:\/\/enfancejeunesse-essert.fr\/wp-content\/uploads\/2024\/09\/Capture-decran-2024-09-10-a-09.48.44.png\" \/>\n\t<meta property=\"og:image:width\" content=\"1330\" \/>\n\t<meta property=\"og:image:height\" content=\"940\" \/>\n\t<meta property=\"og:image:type\" content=\"image\/png\" \/>\n<meta name=\"author\" content=\"Lana Moinault\" \/>\n<meta name=\"twitter:card\" content=\"summary_large_image\" \/>\n<meta name=\"twitter:label1\" content=\"\u00c9crit par\" \/>\n\t<meta name=\"twitter:data1\" content=\"Lana Moinault\" \/>\n\t<meta name=\"twitter:label2\" content=\"Dur\u00e9e de lecture estim\u00e9e\" \/>\n\t<meta name=\"twitter:data2\" content=\"1 minute\" \/>\n<script type=\"application\/ld+json\" class=\"yoast-schema-graph\">{\"@context\":\"https:\/\/schema.org\",\"@graph\":[{\"@type\":\"Article\",\"@id\":\"http:\/\/enfancejeunesse-essert.fr\/index.php\/2024\/09\/10\/jeunessertoises\/#article\",\"isPartOf\":{\"@id\":\"http:\/\/enfancejeunesse-essert.fr\/index.php\/2024\/09\/10\/jeunessertoises\/\"},\"author\":{\"name\":\"Lana Moinault\",\"@id\":\"https:\/\/enfancejeunesse-essert.fr\/#\/schema\/person\/2d0c4329f49f2a0674db0f7958d37ec6\"},\"headline\":\"Jeun&rsquo;Essertoises\",\"datePublished\":\"2024-09-10T07:51:13+00:00\",\"dateModified\":\"2024-09-10T07:54:02+00:00\",\"mainEntityOfPage\":{\"@id\":\"http:\/\/enfancejeunesse-essert.fr\/index.php\/2024\/09\/10\/jeunessertoises\/\"},\"wordCount\":94,\"publisher\":{\"@id\":\"https:\/\/enfancejeunesse-essert.fr\/#organization\"},\"articleSection\":[\"Le Pass'Ados\"],\"inLanguage\":\"fr-FR\"},{\"@type\":\"WebPage\",\"@id\":\"http:\/\/enfancejeunesse-essert.fr\/index.php\/2024\/09\/10\/jeunessertoises\/\",\"url\":\"http:\/\/enfancejeunesse-essert.fr\/index.php\/2024\/09\/10\/jeunessertoises\/\",\"name\":\"Jeun'Essertoises - Enfance jeunesse Essert\",\"isPartOf\":{\"@id\":\"https:\/\/enfancejeunesse-essert.fr\/#website\"},\"datePublished\":\"2024-09-10T07:51:13+00:00\",\"dateModified\":\"2024-09-10T07:54:02+00:00\",\"breadcrumb\":{\"@id\":\"http:\/\/enfancejeunesse-essert.fr\/index.php\/2024\/09\/10\/jeunessertoises\/#breadcrumb\"},\"inLanguage\":\"fr-FR\",\"potentialAction\":[{\"@type\":\"ReadAction\",\"target\":[\"http:\/\/enfancejeunesse-essert.fr\/index.php\/2024\/09\/10\/jeunessertoises\/\"]}]},{\"@type\":\"BreadcrumbList\",\"@id\":\"http:\/\/enfancejeunesse-essert.fr\/index.php\/2024\/09\/10\/jeunessertoises\/#breadcrumb\",\"itemListElement\":[{\"@type\":\"ListItem\",\"position\":1,\"name\":\"Accueil\",\"item\":\"https:\/\/enfancejeunesse-essert.fr\/\"},{\"@type\":\"ListItem\",\"position\":2,\"name\":\"Jeun&rsquo;Essertoises\"}]},{\"@type\":\"WebSite\",\"@id\":\"https:\/\/enfancejeunesse-essert.fr\/#website\",\"url\":\"https:\/\/enfancejeunesse-essert.fr\/\",\"name\":\"Enfance jeunesse Essert\",\"description\":\"Vos actus, planning, dossiers d&#039;inscription...\",\"publisher\":{\"@id\":\"https:\/\/enfancejeunesse-essert.fr\/#organization\"},\"potentialAction\":[{\"@type\":\"SearchAction\",\"target\":{\"@type\":\"EntryPoint\",\"urlTemplate\":\"https:\/\/enfancejeunesse-essert.fr\/?s={search_term_string}\"},\"query-input\":\"required name=search_term_string\"}],\"inLanguage\":\"fr-FR\"},{\"@type\":\"Organization\",\"@id\":\"https:\/\/enfancejeunesse-essert.fr\/#organization\",\"name\":\"Enfance jeunesse Essert\",\"url\":\"https:\/\/enfancejeunesse-essert.fr\/\",\"logo\":{\"@type\":\"ImageObject\",\"inLanguage\":\"fr-FR\",\"@id\":\"https:\/\/enfancejeunesse-essert.fr\/#\/schema\/logo\/image\/\",\"url\":\"https:\/\/enfancejeunesse-essert.fr\/wp-content\/uploads\/2024\/03\/cropped-essert-enfance_Plan-de-travail-1.png\",\"contentUrl\":\"https:\/\/enfancejeunesse-essert.fr\/wp-content\/uploads\/2024\/03\/cropped-essert-enfance_Plan-de-travail-1.png\",\"width\":7057,\"height\":3200,\"caption\":\"Enfance jeunesse Essert\"},\"image\":{\"@id\":\"https:\/\/enfancejeunesse-essert.fr\/#\/schema\/logo\/image\/\"}},{\"@type\":\"Person\",\"@id\":\"https:\/\/enfancejeunesse-essert.fr\/#\/schema\/person\/2d0c4329f49f2a0674db0f7958d37ec6\",\"name\":\"Lana Moinault\",\"image\":{\"@type\":\"ImageObject\",\"inLanguage\":\"fr-FR\",\"@id\":\"https:\/\/enfancejeunesse-essert.fr\/#\/schema\/person\/image\/\",\"url\":\"https:\/\/secure.gravatar.com\/avatar\/b82006bbc180d6cad61681843b700198403053b0595b275ed11fd2ebdf3e1b01?s=96&d=mm&r=g\",\"contentUrl\":\"https:\/\/secure.gravatar.com\/avatar\/b82006bbc180d6cad61681843b700198403053b0595b275ed11fd2ebdf3e1b01?s=96&d=mm&r=g\",\"caption\":\"Lana Moinault\"},\"url\":\"https:\/\/enfancejeunesse-essert.fr\/index.php\/author\/lmoinault\/\"}]}<\/script>\n<!-- \/ Yoast SEO plugin. -->","yoast_head_json":{"title":"Jeun'Essertoises - Enfance jeunesse Essert","robots":{"index":"index","follow":"follow","max-snippet":"max-snippet:-1","max-image-preview":"max-image-preview:large","max-video-preview":"max-video-preview:-1"},"canonical":"http:\/\/enfancejeunesse-essert.fr\/index.php\/2024\/09\/10\/jeunessertoises\/","og_locale":"fr_FR","og_type":"article","og_title":"Jeun'Essertoises - Enfance jeunesse Essert","og_description":"Le Samedi 21 Septembre, nous nous joindrons aux diverses associations communales, et en particulier au comit\u00e9 de jumelage Essert-Ballinamuck pour participer aux Jeun&rsquo;Essertoises sur la place de la mairie (comme initialement pr\u00e9vu le 1er Juin).\u00a0Nous comptons sur un maximum de jeunes pour faire vivre cette f\u00eate (pr\u00e9paration et installation, tenue de stands de jeux, vente [&hellip;]","og_url":"http:\/\/enfancejeunesse-essert.fr\/index.php\/2024\/09\/10\/jeunessertoises\/","og_site_name":"Enfance jeunesse Essert","article_published_time":"2024-09-10T07:51:13+00:00","article_modified_time":"2024-09-10T07:54:02+00:00","og_image":[{"width":1330,"height":940,"url":"http:\/\/enfancejeunesse-essert.fr\/wp-content\/uploads\/2024\/09\/Capture-decran-2024-09-10-a-09.48.44.png","type":"image\/png"}],"author":"Lana Moinault","twitter_card":"summary_large_image","twitter_misc":{"\u00c9crit par":"Lana Moinault","Dur\u00e9e de lecture estim\u00e9e":"1 minute"},"schema":{"@context":"https:\/\/schema.org","@graph":[{"@type":"Article","@id":"http:\/\/enfancejeunesse-essert.fr\/index.php\/2024\/09\/10\/jeunessertoises\/#article","isPartOf":{"@id":"http:\/\/enfancejeunesse-essert.fr\/index.php\/2024\/09\/10\/jeunessertoises\/"},"author":{"name":"Lana Moinault","@id":"https:\/\/enfancejeunesse-essert.fr\/#\/schema\/person\/2d0c4329f49f2a0674db0f7958d37ec6"},"headline":"Jeun&rsquo;Essertoises","datePublished":"2024-09-10T07:51:13+00:00","dateModified":"2024-09-10T07:54:02+00:00","mainEntityOfPage":{"@id":"http:\/\/enfancejeunesse-essert.fr\/index.php\/2024\/09\/10\/jeunessertoises\/"},"wordCount":94,"publisher":{"@id":"https:\/\/enfancejeunesse-essert.fr\/#organization"},"articleSection":["Le Pass'Ados"],"inLanguage":"fr-FR"},{"@type":"WebPage","@id":"http:\/\/enfancejeunesse-essert.fr\/index.php\/2024\/09\/10\/jeunessertoises\/","url":"http:\/\/enfancejeunesse-essert.fr\/index.php\/2024\/09\/10\/jeunessertoises\/","name":"Jeun'Essertoises - Enfance jeunesse Essert","isPartOf":{"@id":"https:\/\/enfancejeunesse-essert.fr\/#website"},"datePublished":"2024-09-10T07:51:13+00:00","dateModified":"2024-09-10T07:54:02+00:00","breadcrumb":{"@id":"http:\/\/enfancejeunesse-essert.fr\/index.php\/2024\/09\/10\/jeunessertoises\/#breadcrumb"},"inLanguage":"fr-FR","potentialAction":[{"@type":"ReadAction","target":["http:\/\/enfancejeunesse-essert.fr\/index.php\/2024\/09\/10\/jeunessertoises\/"]}]},{"@type":"BreadcrumbList","@id":"http:\/\/enfancejeunesse-essert.fr\/index.php\/2024\/09\/10\/jeunessertoises\/#breadcrumb","itemListElement":[{"@type":"ListItem","position":1,"name":"Accueil","item":"https:\/\/enfancejeunesse-essert.fr\/"},{"@type":"ListItem","position":2,"name":"Jeun&rsquo;Essertoises"}]},{"@type":"WebSite","@id":"https:\/\/enfancejeunesse-essert.fr\/#website","url":"https:\/\/enfancejeunesse-essert.fr\/","name":"Enfance jeunesse Essert","description":"Vos actus, planning, dossiers d&#039;inscription...","publisher":{"@id":"https:\/\/enfancejeunesse-essert.fr\/#organization"},"potentialAction":[{"@type":"SearchAction","target":{"@type":"EntryPoint","urlTemplate":"https:\/\/enfancejeunesse-essert.fr\/?s={search_term_string}"},"query-input":"required name=search_term_string"}],"inLanguage":"fr-FR"},{"@type":"Organization","@id":"https:\/\/enfancejeunesse-essert.fr\/#organization","name":"Enfance jeunesse Essert","url":"https:\/\/enfancejeunesse-essert.fr\/","logo":{"@type":"ImageObject","inLanguage":"fr-FR","@id":"https:\/\/enfancejeunesse-essert.fr\/#\/schema\/logo\/image\/","url":"https:\/\/enfancejeunesse-essert.fr\/wp-content\/uploads\/2024\/03\/cropped-essert-enfance_Plan-de-travail-1.png","contentUrl":"https:\/\/enfancejeunesse-essert.fr\/wp-content\/uploads\/2024\/03\/cropped-essert-enfance_Plan-de-travail-1.png","width":7057,"height":3200,"caption":"Enfance jeunesse Essert"},"image":{"@id":"https:\/\/enfancejeunesse-essert.fr\/#\/schema\/logo\/image\/"}},{"@type":"Person","@id":"https:\/\/enfancejeunesse-essert.fr\/#\/schema\/person\/2d0c4329f49f2a0674db0f7958d37ec6","name":"Lana Moinault","image":{"@type":"ImageObject","inLanguage":"fr-FR","@id":"https:\/\/enfancejeunesse-essert.fr\/#\/schema\/person\/image\/","url":"https:\/\/secure.gravatar.com\/avatar\/b82006bbc180d6cad61681843b700198403053b0595b275ed11fd2ebdf3e1b01?s=96&d=mm&r=g","contentUrl":"https:\/\/secure.gravatar.com\/avatar\/b82006bbc180d6cad61681843b700198403053b0595b275ed11fd2ebdf3e1b01?s=96&d=mm&r=g","caption":"Lana Moinault"},"url":"https:\/\/enfancejeunesse-essert.fr\/index.php\/author\/lmoinault\/"}]}},"_links":{"self":[{"href":"https:\/\/enfancejeunesse-essert.fr\/index.php\/wp-json\/wp\/v2\/posts\/1802","targetHints":{"allow":["GET"]}}],"collection":[{"href":"https:\/\/enfancejeunesse-essert.fr\/index.php\/wp-json\/wp\/v2\/posts"}],"about":[{"href":"https:\/\/enfancejeunesse-essert.fr\/index.php\/wp-json\/wp\/v2\/types\/post"}],"author":[{"embeddable":true,"href":"https:\/\/enfancejeunesse-essert.fr\/index.php\/wp-json\/wp\/v2\/users\/2"}],"replies":[{"embeddable":true,"href":"https:\/\/enfancejeunesse-essert.fr\/index.php\/wp-json\/wp\/v2\/comments?post=1802"}],"version-history":[{"count":17,"href":"https:\/\/enfancejeunesse-essert.fr\/index.php\/wp-json\/wp\/v2\/posts\/1802\/revisions"}],"predecessor-version":[{"id":1843,"href":"https:\/\/enfancejeunesse-essert.fr\/index.php\/wp-json\/wp\/v2\/posts\/1802\/revisions\/1843"}],"wp:attachment":[{"href":"https:\/\/enfancejeunesse-essert.fr\/index.php\/wp-json\/wp\/v2\/media?parent=1802"}],"wp:term":[{"taxonomy":"category","embeddable":true,"href":"https:\/\/enfancejeunesse-essert.fr\/index.php\/wp-json\/wp\/v2\/categories?post=1802"},{"taxonomy":"post_tag","embeddable":true,"href":"https:\/\/enfancejeunesse-essert.fr\/index.php\/wp-json\/wp\/v2\/tags?post=1802"}],"curies":[{"name":"wp","href":"https:\/\/api.w.org\/{rel}","templated":true}]}}