{"id":1793,"date":"2024-09-10T09:45:50","date_gmt":"2024-09-10T07:45:50","guid":{"rendered":"http:\/\/enfancejeunesse-essert.fr\/?p=1793"},"modified":"2024-09-10T09:52:28","modified_gmt":"2024-09-10T07:52:28","slug":"elementor-1793","status":"publish","type":"post","link":"https:\/\/enfancejeunesse-essert.fr\/index.php\/2024\/09\/10\/elementor-1793\/","title":{"rendered":"Rentr\u00e9e au Pass Ados"},"content":{"rendered":"\t\t<div data-elementor-type=\"wp-post\" data-elementor-id=\"1793\" class=\"elementor elementor-1793\">\n\t\t\t\t<div class=\"elementor-element elementor-element-506dd30 e-flex e-con-boxed wpr-particle-no wpr-jarallax-no wpr-parallax-no wpr-sticky-section-no e-con e-parent\" data-id=\"506dd30\" data-element_type=\"container\" data-e-type=\"container\">\n\t\t\t\t\t<div class=\"e-con-inner\">\n\t\t\t\t<div class=\"elementor-element elementor-element-7b9d328 elementor-widget elementor-widget-text-editor\" data-id=\"7b9d328\" data-element_type=\"widget\" data-e-type=\"widget\" data-widget_type=\"text-editor.default\">\n\t\t\t\t<div class=\"elementor-widget-container\">\n\t\t\t\t\t\t\t\t\t<div>Bonjour \u00e0 tous!<\/div><div>\u00a0<\/div><div>Voici enfin le planning d&rsquo;activit\u00e9s et <a href=\"http:\/\/enfancejeunesse-essert.fr\/wp-content\/uploads\/2024\/09\/fiches-inscriptions-sept-octobre-2024.pdf\"><strong><span style=\"text-decoration: underline;\">les fiches d&rsquo;inscriptions<\/span><\/strong><\/a> pour les mercredis et soir\u00e9es des mois de Septembre et Octobre.<\/div><div>\u00a0<\/div><div>Pour rappel, <a href=\"http:\/\/enfancejeunesse-essert.fr\/wp-content\/uploads\/2024\/09\/fiches-inscriptions-sept-octobre-2024.pdf\">l<\/a><a href=\"http:\/\/enfancejeunesse-essert.fr\/wp-content\/uploads\/2024\/09\/fiches-inscriptions-sept-octobre-2024.pdf\">es<\/a><a href=\"http:\/\/enfancejeunesse-essert.fr\/wp-content\/uploads\/2024\/09\/fiches-inscriptions-sept-octobre-2024.pdf\">\u00a0fiches<\/a><a href=\"http:\/\/enfancejeunesse-essert.fr\/wp-content\/uploads\/2024\/09\/fiches-inscriptions-sept-octobre-2024.pdf\"> d&rsquo;inscriptions<\/a> doivent \u00eatre rendues en main propre ou par retour de mail \u00e0 l&rsquo;\u00e9quipe Pass&rsquo;Ados (passados@essert.fr), au maximum une semaine avant la date d&rsquo;accueil pr\u00e9vue (tol\u00e9rance pour le premier mercredi). Chaque fiche d&rsquo;inscription sera prise en compte uniquement si un <a href=\"http:\/\/enfancejeunesse-essert.fr\/index.php\/documents-administratifs-du-pass\/\"><span style=\"text-decoration: underline;\"><strong>dossier administratif<\/strong><\/span><\/a> complet a \u00e9t\u00e9 rempli pour cette nouvelle ann\u00e9e scolaire (fiche de renseignements, fiche sanitaire, copie des vaccinations et attestation d&rsquo;assurance responsabilit\u00e9 civile)<\/div><div>\u00a0<\/div>\t\t\t\t\t\t\t\t<\/div>\n\t\t\t\t<\/div>\n\t\t\t\t\t<\/div>\n\t\t\t\t<\/div>\n\t\t<div class=\"elementor-element elementor-element-73094ff e-flex e-con-boxed wpr-particle-no wpr-jarallax-no wpr-parallax-no wpr-sticky-section-no e-con e-parent\" data-id=\"73094ff\" data-element_type=\"container\" data-e-type=\"container\">\n\t\t\t\t\t<div class=\"e-con-inner\">\n\t\t\t\t<div class=\"elementor-element elementor-element-3ad3366 elementor-widget elementor-widget-image\" data-id=\"3ad3366\" data-element_type=\"widget\" data-e-type=\"widget\" data-widget_type=\"image.default\">\n\t\t\t\t<div class=\"elementor-widget-container\">\n\t\t\t\t\t\t\t\t\t\t\t\t\t\t\t<img decoding=\"async\" src=\"http:\/\/enfancejeunesse-essert.fr\/wp-content\/uploads\/2024\/09\/activites-mercredis-Sept-oct-2024.png\" title=\"\" alt=\"\" loading=\"lazy\" \/>\t\t\t\t\t\t\t\t\t\t\t\t\t\t\t<\/div>\n\t\t\t\t<\/div>\n\t\t\t\t\t<\/div>\n\t\t\t\t<\/div>\n\t\t\t\t<\/div>\n\t\t","protected":false},"excerpt":{"rendered":"<p>Bonjour \u00e0 tous!\u00a0Voici enfin le planning d&rsquo;activit\u00e9s et les fiches d&rsquo;inscriptions pour les mercredis et soir\u00e9es des mois de Septembre et Octobre.\u00a0Pour rappel, les\u00a0fiches d&rsquo;inscriptions doivent \u00eatre rendues en main propre ou par retour de mail \u00e0 l&rsquo;\u00e9quipe Pass&rsquo;Ados (passados@essert.fr), au maximum une semaine avant la date d&rsquo;accueil pr\u00e9vue (tol\u00e9rance pour le premier mercredi). Chaque [&hellip;]<\/p>\n","protected":false},"author":2,"featured_media":0,"comment_status":"closed","ping_status":"closed","sticky":false,"template":"","format":"standard","meta":{"_monsterinsights_skip_tracking":false,"_monsterinsights_sitenote_active":false,"_monsterinsights_sitenote_note":"","_monsterinsights_sitenote_category":0,"footnotes":""},"categories":[16,1],"tags":[],"class_list":["post-1793","post","type-post","status-publish","format-standard","hentry","category-pass","category-non-classe"],"yoast_head":"<!-- This site is optimized with the Yoast SEO plugin v22.8 - https:\/\/yoast.com\/wordpress\/plugins\/seo\/ -->\n<title>Rentr\u00e9e au Pass Ados - Enfance jeunesse Essert<\/title>\n<meta name=\"robots\" content=\"index, follow, max-snippet:-1, max-image-preview:large, max-video-preview:-1\" \/>\n<link rel=\"canonical\" href=\"http:\/\/enfancejeunesse-essert.fr\/index.php\/2024\/09\/10\/elementor-1793\/\" \/>\n<meta property=\"og:locale\" content=\"fr_FR\" \/>\n<meta property=\"og:type\" content=\"article\" \/>\n<meta property=\"og:title\" content=\"Rentr\u00e9e au Pass Ados - Enfance jeunesse Essert\" \/>\n<meta property=\"og:description\" content=\"Bonjour \u00e0 tous!\u00a0Voici enfin le planning d&rsquo;activit\u00e9s et les fiches d&rsquo;inscriptions pour les mercredis et soir\u00e9es des mois de Septembre et Octobre.\u00a0Pour rappel, les\u00a0fiches d&rsquo;inscriptions doivent \u00eatre rendues en main propre ou par retour de mail \u00e0 l&rsquo;\u00e9quipe Pass&rsquo;Ados (passados@essert.fr), au maximum une semaine avant la date d&rsquo;accueil pr\u00e9vue (tol\u00e9rance pour le premier mercredi). Chaque [&hellip;]\" \/>\n<meta property=\"og:url\" content=\"http:\/\/enfancejeunesse-essert.fr\/index.php\/2024\/09\/10\/elementor-1793\/\" \/>\n<meta property=\"og:site_name\" content=\"Enfance jeunesse Essert\" \/>\n<meta property=\"article:published_time\" content=\"2024-09-10T07:45:50+00:00\" \/>\n<meta property=\"article:modified_time\" content=\"2024-09-10T07:52:28+00:00\" \/>\n<meta property=\"og:image\" content=\"http:\/\/enfancejeunesse-essert.fr\/wp-content\/uploads\/2024\/09\/IMG_3976-scaled.jpg\" \/>\n\t<meta property=\"og:image:width\" content=\"2560\" \/>\n\t<meta property=\"og:image:height\" content=\"1707\" \/>\n\t<meta property=\"og:image:type\" content=\"image\/jpeg\" \/>\n<meta name=\"author\" content=\"Lana Moinault\" \/>\n<meta name=\"twitter:card\" content=\"summary_large_image\" \/>\n<meta name=\"twitter:label1\" content=\"\u00c9crit par\" \/>\n\t<meta name=\"twitter:data1\" content=\"Lana Moinault\" \/>\n\t<meta name=\"twitter:label2\" content=\"Dur\u00e9e de lecture estim\u00e9e\" \/>\n\t<meta name=\"twitter:data2\" content=\"1 minute\" \/>\n<script type=\"application\/ld+json\" class=\"yoast-schema-graph\">{\"@context\":\"https:\/\/schema.org\",\"@graph\":[{\"@type\":\"Article\",\"@id\":\"http:\/\/enfancejeunesse-essert.fr\/index.php\/2024\/09\/10\/elementor-1793\/#article\",\"isPartOf\":{\"@id\":\"http:\/\/enfancejeunesse-essert.fr\/index.php\/2024\/09\/10\/elementor-1793\/\"},\"author\":{\"name\":\"Lana Moinault\",\"@id\":\"https:\/\/enfancejeunesse-essert.fr\/#\/schema\/person\/2d0c4329f49f2a0674db0f7958d37ec6\"},\"headline\":\"Rentr\u00e9e au Pass Ados\",\"datePublished\":\"2024-09-10T07:45:50+00:00\",\"dateModified\":\"2024-09-10T07:52:28+00:00\",\"mainEntityOfPage\":{\"@id\":\"http:\/\/enfancejeunesse-essert.fr\/index.php\/2024\/09\/10\/elementor-1793\/\"},\"wordCount\":103,\"publisher\":{\"@id\":\"https:\/\/enfancejeunesse-essert.fr\/#organization\"},\"image\":{\"@id\":\"http:\/\/enfancejeunesse-essert.fr\/index.php\/2024\/09\/10\/elementor-1793\/#primaryimage\"},\"thumbnailUrl\":\"http:\/\/enfancejeunesse-essert.fr\/wp-content\/uploads\/2024\/09\/activites-mercredis-Sept-oct-2024-1024x576.png\",\"articleSection\":[\"Le Pass'Ados\"],\"inLanguage\":\"fr-FR\"},{\"@type\":\"WebPage\",\"@id\":\"http:\/\/enfancejeunesse-essert.fr\/index.php\/2024\/09\/10\/elementor-1793\/\",\"url\":\"http:\/\/enfancejeunesse-essert.fr\/index.php\/2024\/09\/10\/elementor-1793\/\",\"name\":\"Rentr\u00e9e au Pass Ados - Enfance jeunesse Essert\",\"isPartOf\":{\"@id\":\"https:\/\/enfancejeunesse-essert.fr\/#website\"},\"primaryImageOfPage\":{\"@id\":\"http:\/\/enfancejeunesse-essert.fr\/index.php\/2024\/09\/10\/elementor-1793\/#primaryimage\"},\"image\":{\"@id\":\"http:\/\/enfancejeunesse-essert.fr\/index.php\/2024\/09\/10\/elementor-1793\/#primaryimage\"},\"thumbnailUrl\":\"http:\/\/enfancejeunesse-essert.fr\/wp-content\/uploads\/2024\/09\/activites-mercredis-Sept-oct-2024-1024x576.png\",\"datePublished\":\"2024-09-10T07:45:50+00:00\",\"dateModified\":\"2024-09-10T07:52:28+00:00\",\"breadcrumb\":{\"@id\":\"http:\/\/enfancejeunesse-essert.fr\/index.php\/2024\/09\/10\/elementor-1793\/#breadcrumb\"},\"inLanguage\":\"fr-FR\",\"potentialAction\":[{\"@type\":\"ReadAction\",\"target\":[\"http:\/\/enfancejeunesse-essert.fr\/index.php\/2024\/09\/10\/elementor-1793\/\"]}]},{\"@type\":\"ImageObject\",\"inLanguage\":\"fr-FR\",\"@id\":\"http:\/\/enfancejeunesse-essert.fr\/index.php\/2024\/09\/10\/elementor-1793\/#primaryimage\",\"url\":\"\",\"contentUrl\":\"\"},{\"@type\":\"BreadcrumbList\",\"@id\":\"http:\/\/enfancejeunesse-essert.fr\/index.php\/2024\/09\/10\/elementor-1793\/#breadcrumb\",\"itemListElement\":[{\"@type\":\"ListItem\",\"position\":1,\"name\":\"Accueil\",\"item\":\"https:\/\/enfancejeunesse-essert.fr\/\"},{\"@type\":\"ListItem\",\"position\":2,\"name\":\"Rentr\u00e9e au Pass Ados\"}]},{\"@type\":\"WebSite\",\"@id\":\"https:\/\/enfancejeunesse-essert.fr\/#website\",\"url\":\"https:\/\/enfancejeunesse-essert.fr\/\",\"name\":\"Enfance jeunesse Essert\",\"description\":\"Vos actus, planning, dossiers d&#039;inscription...\",\"publisher\":{\"@id\":\"https:\/\/enfancejeunesse-essert.fr\/#organization\"},\"potentialAction\":[{\"@type\":\"SearchAction\",\"target\":{\"@type\":\"EntryPoint\",\"urlTemplate\":\"https:\/\/enfancejeunesse-essert.fr\/?s={search_term_string}\"},\"query-input\":\"required name=search_term_string\"}],\"inLanguage\":\"fr-FR\"},{\"@type\":\"Organization\",\"@id\":\"https:\/\/enfancejeunesse-essert.fr\/#organization\",\"name\":\"Enfance jeunesse Essert\",\"url\":\"https:\/\/enfancejeunesse-essert.fr\/\",\"logo\":{\"@type\":\"ImageObject\",\"inLanguage\":\"fr-FR\",\"@id\":\"https:\/\/enfancejeunesse-essert.fr\/#\/schema\/logo\/image\/\",\"url\":\"https:\/\/enfancejeunesse-essert.fr\/wp-content\/uploads\/2024\/03\/cropped-essert-enfance_Plan-de-travail-1.png\",\"contentUrl\":\"https:\/\/enfancejeunesse-essert.fr\/wp-content\/uploads\/2024\/03\/cropped-essert-enfance_Plan-de-travail-1.png\",\"width\":7057,\"height\":3200,\"caption\":\"Enfance jeunesse Essert\"},\"image\":{\"@id\":\"https:\/\/enfancejeunesse-essert.fr\/#\/schema\/logo\/image\/\"}},{\"@type\":\"Person\",\"@id\":\"https:\/\/enfancejeunesse-essert.fr\/#\/schema\/person\/2d0c4329f49f2a0674db0f7958d37ec6\",\"name\":\"Lana Moinault\",\"image\":{\"@type\":\"ImageObject\",\"inLanguage\":\"fr-FR\",\"@id\":\"https:\/\/enfancejeunesse-essert.fr\/#\/schema\/person\/image\/\",\"url\":\"https:\/\/secure.gravatar.com\/avatar\/b82006bbc180d6cad61681843b700198403053b0595b275ed11fd2ebdf3e1b01?s=96&d=mm&r=g\",\"contentUrl\":\"https:\/\/secure.gravatar.com\/avatar\/b82006bbc180d6cad61681843b700198403053b0595b275ed11fd2ebdf3e1b01?s=96&d=mm&r=g\",\"caption\":\"Lana Moinault\"},\"url\":\"https:\/\/enfancejeunesse-essert.fr\/index.php\/author\/lmoinault\/\"}]}<\/script>\n<!-- \/ Yoast SEO plugin. -->","yoast_head_json":{"title":"Rentr\u00e9e au Pass Ados - Enfance jeunesse Essert","robots":{"index":"index","follow":"follow","max-snippet":"max-snippet:-1","max-image-preview":"max-image-preview:large","max-video-preview":"max-video-preview:-1"},"canonical":"http:\/\/enfancejeunesse-essert.fr\/index.php\/2024\/09\/10\/elementor-1793\/","og_locale":"fr_FR","og_type":"article","og_title":"Rentr\u00e9e au Pass Ados - Enfance jeunesse Essert","og_description":"Bonjour \u00e0 tous!\u00a0Voici enfin le planning d&rsquo;activit\u00e9s et les fiches d&rsquo;inscriptions pour les mercredis et soir\u00e9es des mois de Septembre et Octobre.\u00a0Pour rappel, les\u00a0fiches d&rsquo;inscriptions doivent \u00eatre rendues en main propre ou par retour de mail \u00e0 l&rsquo;\u00e9quipe Pass&rsquo;Ados (passados@essert.fr), au maximum une semaine avant la date d&rsquo;accueil pr\u00e9vue (tol\u00e9rance pour le premier mercredi). Chaque [&hellip;]","og_url":"http:\/\/enfancejeunesse-essert.fr\/index.php\/2024\/09\/10\/elementor-1793\/","og_site_name":"Enfance jeunesse Essert","article_published_time":"2024-09-10T07:45:50+00:00","article_modified_time":"2024-09-10T07:52:28+00:00","og_image":[{"width":2560,"height":1707,"url":"http:\/\/enfancejeunesse-essert.fr\/wp-content\/uploads\/2024\/09\/IMG_3976-scaled.jpg","type":"image\/jpeg"}],"author":"Lana Moinault","twitter_card":"summary_large_image","twitter_misc":{"\u00c9crit par":"Lana Moinault","Dur\u00e9e de lecture estim\u00e9e":"1 minute"},"schema":{"@context":"https:\/\/schema.org","@graph":[{"@type":"Article","@id":"http:\/\/enfancejeunesse-essert.fr\/index.php\/2024\/09\/10\/elementor-1793\/#article","isPartOf":{"@id":"http:\/\/enfancejeunesse-essert.fr\/index.php\/2024\/09\/10\/elementor-1793\/"},"author":{"name":"Lana Moinault","@id":"https:\/\/enfancejeunesse-essert.fr\/#\/schema\/person\/2d0c4329f49f2a0674db0f7958d37ec6"},"headline":"Rentr\u00e9e au Pass Ados","datePublished":"2024-09-10T07:45:50+00:00","dateModified":"2024-09-10T07:52:28+00:00","mainEntityOfPage":{"@id":"http:\/\/enfancejeunesse-essert.fr\/index.php\/2024\/09\/10\/elementor-1793\/"},"wordCount":103,"publisher":{"@id":"https:\/\/enfancejeunesse-essert.fr\/#organization"},"image":{"@id":"http:\/\/enfancejeunesse-essert.fr\/index.php\/2024\/09\/10\/elementor-1793\/#primaryimage"},"thumbnailUrl":"http:\/\/enfancejeunesse-essert.fr\/wp-content\/uploads\/2024\/09\/activites-mercredis-Sept-oct-2024-1024x576.png","articleSection":["Le Pass'Ados"],"inLanguage":"fr-FR"},{"@type":"WebPage","@id":"http:\/\/enfancejeunesse-essert.fr\/index.php\/2024\/09\/10\/elementor-1793\/","url":"http:\/\/enfancejeunesse-essert.fr\/index.php\/2024\/09\/10\/elementor-1793\/","name":"Rentr\u00e9e au Pass Ados - Enfance jeunesse Essert","isPartOf":{"@id":"https:\/\/enfancejeunesse-essert.fr\/#website"},"primaryImageOfPage":{"@id":"http:\/\/enfancejeunesse-essert.fr\/index.php\/2024\/09\/10\/elementor-1793\/#primaryimage"},"image":{"@id":"http:\/\/enfancejeunesse-essert.fr\/index.php\/2024\/09\/10\/elementor-1793\/#primaryimage"},"thumbnailUrl":"http:\/\/enfancejeunesse-essert.fr\/wp-content\/uploads\/2024\/09\/activites-mercredis-Sept-oct-2024-1024x576.png","datePublished":"2024-09-10T07:45:50+00:00","dateModified":"2024-09-10T07:52:28+00:00","breadcrumb":{"@id":"http:\/\/enfancejeunesse-essert.fr\/index.php\/2024\/09\/10\/elementor-1793\/#breadcrumb"},"inLanguage":"fr-FR","potentialAction":[{"@type":"ReadAction","target":["http:\/\/enfancejeunesse-essert.fr\/index.php\/2024\/09\/10\/elementor-1793\/"]}]},{"@type":"ImageObject","inLanguage":"fr-FR","@id":"http:\/\/enfancejeunesse-essert.fr\/index.php\/2024\/09\/10\/elementor-1793\/#primaryimage","url":"","contentUrl":""},{"@type":"BreadcrumbList","@id":"http:\/\/enfancejeunesse-essert.fr\/index.php\/2024\/09\/10\/elementor-1793\/#breadcrumb","itemListElement":[{"@type":"ListItem","position":1,"name":"Accueil","item":"https:\/\/enfancejeunesse-essert.fr\/"},{"@type":"ListItem","position":2,"name":"Rentr\u00e9e au Pass Ados"}]},{"@type":"WebSite","@id":"https:\/\/enfancejeunesse-essert.fr\/#website","url":"https:\/\/enfancejeunesse-essert.fr\/","name":"Enfance jeunesse Essert","description":"Vos actus, planning, dossiers d&#039;inscription...","publisher":{"@id":"https:\/\/enfancejeunesse-essert.fr\/#organization"},"potentialAction":[{"@type":"SearchAction","target":{"@type":"EntryPoint","urlTemplate":"https:\/\/enfancejeunesse-essert.fr\/?s={search_term_string}"},"query-input":"required name=search_term_string"}],"inLanguage":"fr-FR"},{"@type":"Organization","@id":"https:\/\/enfancejeunesse-essert.fr\/#organization","name":"Enfance jeunesse Essert","url":"https:\/\/enfancejeunesse-essert.fr\/","logo":{"@type":"ImageObject","inLanguage":"fr-FR","@id":"https:\/\/enfancejeunesse-essert.fr\/#\/schema\/logo\/image\/","url":"https:\/\/enfancejeunesse-essert.fr\/wp-content\/uploads\/2024\/03\/cropped-essert-enfance_Plan-de-travail-1.png","contentUrl":"https:\/\/enfancejeunesse-essert.fr\/wp-content\/uploads\/2024\/03\/cropped-essert-enfance_Plan-de-travail-1.png","width":7057,"height":3200,"caption":"Enfance jeunesse Essert"},"image":{"@id":"https:\/\/enfancejeunesse-essert.fr\/#\/schema\/logo\/image\/"}},{"@type":"Person","@id":"https:\/\/enfancejeunesse-essert.fr\/#\/schema\/person\/2d0c4329f49f2a0674db0f7958d37ec6","name":"Lana Moinault","image":{"@type":"ImageObject","inLanguage":"fr-FR","@id":"https:\/\/enfancejeunesse-essert.fr\/#\/schema\/person\/image\/","url":"https:\/\/secure.gravatar.com\/avatar\/b82006bbc180d6cad61681843b700198403053b0595b275ed11fd2ebdf3e1b01?s=96&d=mm&r=g","contentUrl":"https:\/\/secure.gravatar.com\/avatar\/b82006bbc180d6cad61681843b700198403053b0595b275ed11fd2ebdf3e1b01?s=96&d=mm&r=g","caption":"Lana Moinault"},"url":"https:\/\/enfancejeunesse-essert.fr\/index.php\/author\/lmoinault\/"}]}},"_links":{"self":[{"href":"https:\/\/enfancejeunesse-essert.fr\/index.php\/wp-json\/wp\/v2\/posts\/1793","targetHints":{"allow":["GET"]}}],"collection":[{"href":"https:\/\/enfancejeunesse-essert.fr\/index.php\/wp-json\/wp\/v2\/posts"}],"about":[{"href":"https:\/\/enfancejeunesse-essert.fr\/index.php\/wp-json\/wp\/v2\/types\/post"}],"author":[{"embeddable":true,"href":"https:\/\/enfancejeunesse-essert.fr\/index.php\/wp-json\/wp\/v2\/users\/2"}],"replies":[{"embeddable":true,"href":"https:\/\/enfancejeunesse-essert.fr\/index.php\/wp-json\/wp\/v2\/comments?post=1793"}],"version-history":[{"count":13,"href":"https:\/\/enfancejeunesse-essert.fr\/index.php\/wp-json\/wp\/v2\/posts\/1793\/revisions"}],"predecessor-version":[{"id":1842,"href":"https:\/\/enfancejeunesse-essert.fr\/index.php\/wp-json\/wp\/v2\/posts\/1793\/revisions\/1842"}],"wp:attachment":[{"href":"https:\/\/enfancejeunesse-essert.fr\/index.php\/wp-json\/wp\/v2\/media?parent=1793"}],"wp:term":[{"taxonomy":"category","embeddable":true,"href":"https:\/\/enfancejeunesse-essert.fr\/index.php\/wp-json\/wp\/v2\/categories?post=1793"},{"taxonomy":"post_tag","embeddable":true,"href":"https:\/\/enfancejeunesse-essert.fr\/index.php\/wp-json\/wp\/v2\/tags?post=1793"}],"curies":[{"name":"wp","href":"https:\/\/api.w.org\/{rel}","templated":true}]}}