{"id":1736,"date":"2024-06-20T10:31:21","date_gmt":"2024-06-20T08:31:21","guid":{"rendered":"http:\/\/enfancejeunesse-essert.fr\/?p=1736"},"modified":"2024-06-20T10:32:36","modified_gmt":"2024-06-20T08:32:36","slug":"vacances-dete-au-passados","status":"publish","type":"post","link":"https:\/\/enfancejeunesse-essert.fr\/index.php\/2024\/06\/20\/vacances-dete-au-passados\/","title":{"rendered":"Vacances d&rsquo;\u00e9t\u00e9 au Pass&rsquo;Ados"},"content":{"rendered":"\t\t<div data-elementor-type=\"wp-post\" data-elementor-id=\"1736\" class=\"elementor elementor-1736\">\n\t\t\t\t<div class=\"elementor-element elementor-element-a051262 e-con-full e-flex wpr-particle-no wpr-jarallax-no wpr-parallax-no wpr-sticky-section-no e-con e-parent\" data-id=\"a051262\" data-element_type=\"container\" data-e-type=\"container\">\n\t\t\t\t<div class=\"elementor-element elementor-element-4b30305 elementor-widget elementor-widget-text-editor\" data-id=\"4b30305\" data-element_type=\"widget\" data-e-type=\"widget\" data-widget_type=\"text-editor.default\">\n\t\t\t\t<div class=\"elementor-widget-container\">\n\t\t\t\t\t\t\t\t\t<p><strong>Voici enfin le programme d\u2019activit\u00e9s du mois de Juillet pour vos jeunes ados.<\/strong><\/p><p>\u2022 <u>Du lundi 8 au vendredi 12 Juillet<\/u>, le Pass\u2019Ados sera ouvert tous les apr\u00e8s-midis de 13h30 \u00e0 18h30, au logis d\u2019amiti\u00e9.<\/p><p>\u2022 <u>Du Samedi 13 au Mardi 16 Juillet<\/u>\u00a0: Mini camp \u00e0 Villersexel, au camping \u00ab\u00a0Le Chapeau Chinois\u00a0\u00bb . D\u00e9part avec le pique-nique le Samedi 13 en fin de matin\u00e9e, retour Mardi 16 en fin d\u2019apr\u00e8s-midi. Les places seront limit\u00e9es, et r\u00e9serv\u00e9es en priorit\u00e9 aux jeunes Essertois fr\u00e9quentant tr\u00e8s r\u00e9guli\u00e8rement la structure.<\/p><p>\u2022 <u>Jeudi 18 et Vendredi 19<\/u>\u00a0: Accueil au logis d\u2019amiti\u00e9 en apr\u00e8s-midi (13h30-18h00)<\/p><p>Du Mardi 23 Juillet au 1<sup>er<\/sup> Ao\u00fbt, l\u2019\u00e9quipe du Pass\u2019Ados s\u2019associera avec le comit\u00e9 de Jumelage pour accueillir un groupe de jeunes Irlandais, avec les jeunes concern\u00e9s par le projet.<\/p><p>Date limite d\u2019inscription\u00a0: <b><u>Vendredi 28 Juin 2024<\/u> <\/b>(Pour rappel, date de notre soir\u00e9e barbecue\u00a0!)<\/p>\t\t\t\t\t\t\t\t<\/div>\n\t\t\t\t<\/div>\n\t\t\t\t<\/div>\n\t\t<div class=\"elementor-element elementor-element-370921b e-flex e-con-boxed wpr-particle-no wpr-jarallax-no wpr-parallax-no wpr-sticky-section-no e-con e-parent\" data-id=\"370921b\" data-element_type=\"container\" data-e-type=\"container\">\n\t\t\t\t\t<div class=\"e-con-inner\">\n\t\t\t\t<div class=\"elementor-element elementor-element-6503e16 elementor-widget elementor-widget-image\" data-id=\"6503e16\" data-element_type=\"widget\" data-e-type=\"widget\" data-widget_type=\"image.default\">\n\t\t\t\t<div class=\"elementor-widget-container\">\n\t\t\t\t\t\t\t\t\t\t\t\t\t\t\t<img decoding=\"async\" src=\"http:\/\/enfancejeunesse-essert.fr\/wp-content\/uploads\/2024\/06\/Capture-decran-2024-06-20-a-10.29.20.png\" title=\"\" alt=\"\" loading=\"lazy\" \/>\t\t\t\t\t\t\t\t\t\t\t\t\t\t\t<\/div>\n\t\t\t\t<\/div>\n\t\t\t\t\t<\/div>\n\t\t\t\t<\/div>\n\t\t<div class=\"elementor-element elementor-element-f12de61 e-flex e-con-boxed wpr-particle-no wpr-jarallax-no wpr-parallax-no wpr-sticky-section-no e-con e-parent\" data-id=\"f12de61\" data-element_type=\"container\" data-e-type=\"container\">\n\t\t\t\t\t<div class=\"e-con-inner\">\n\t\t\t\t<div class=\"elementor-element elementor-element-de4431b elementor-widget elementor-widget-image\" data-id=\"de4431b\" data-element_type=\"widget\" data-e-type=\"widget\" data-widget_type=\"image.default\">\n\t\t\t\t<div class=\"elementor-widget-container\">\n\t\t\t\t\t\t\t\t\t\t\t\t\t\t\t<img fetchpriority=\"high\" decoding=\"async\" width=\"682\" height=\"562\" src=\"https:\/\/enfancejeunesse-essert.fr\/wp-content\/uploads\/2024\/06\/Tarifs-ete-2024.png\" class=\"attachment-large size-large wp-image-1743\" alt=\"\" srcset=\"https:\/\/enfancejeunesse-essert.fr\/wp-content\/uploads\/2024\/06\/Tarifs-ete-2024.png 682w, https:\/\/enfancejeunesse-essert.fr\/wp-content\/uploads\/2024\/06\/Tarifs-ete-2024-300x247.png 300w\" sizes=\"(max-width: 682px) 100vw, 682px\" \/>\t\t\t\t\t\t\t\t\t\t\t\t\t\t\t<\/div>\n\t\t\t\t<\/div>\n\t\t\t\t\t<\/div>\n\t\t\t\t<\/div>\n\t\t\t\t<\/div>\n\t\t","protected":false},"excerpt":{"rendered":"<p>Voici enfin le programme d\u2019activit\u00e9s du mois de Juillet pour vos jeunes ados. \u2022 Du lundi 8 au vendredi 12 Juillet, le Pass\u2019Ados sera ouvert tous les apr\u00e8s-midis de 13h30 \u00e0 18h30, au logis d\u2019amiti\u00e9. \u2022 Du Samedi 13 au Mardi 16 Juillet\u00a0: Mini camp \u00e0 Villersexel, au camping \u00ab\u00a0Le Chapeau Chinois\u00a0\u00bb . D\u00e9part avec [&hellip;]<\/p>\n","protected":false},"author":2,"featured_media":636,"comment_status":"closed","ping_status":"closed","sticky":false,"template":"","format":"standard","meta":{"_monsterinsights_skip_tracking":false,"_monsterinsights_sitenote_active":false,"_monsterinsights_sitenote_note":"","_monsterinsights_sitenote_category":0,"footnotes":""},"categories":[16,1],"tags":[],"class_list":["post-1736","post","type-post","status-publish","format-standard","has-post-thumbnail","hentry","category-pass","category-non-classe"],"yoast_head":"<!-- This site is optimized with the Yoast SEO plugin v22.8 - https:\/\/yoast.com\/wordpress\/plugins\/seo\/ -->\n<title>Vacances d&#039;\u00e9t\u00e9 au Pass&#039;Ados - Enfance jeunesse Essert<\/title>\n<meta name=\"robots\" content=\"index, follow, max-snippet:-1, max-image-preview:large, max-video-preview:-1\" \/>\n<link rel=\"canonical\" href=\"http:\/\/enfancejeunesse-essert.fr\/index.php\/2024\/06\/20\/vacances-dete-au-passados\/\" \/>\n<meta property=\"og:locale\" content=\"fr_FR\" \/>\n<meta property=\"og:type\" content=\"article\" \/>\n<meta property=\"og:title\" content=\"Vacances d&#039;\u00e9t\u00e9 au Pass&#039;Ados - Enfance jeunesse Essert\" \/>\n<meta property=\"og:description\" content=\"Voici enfin le programme d\u2019activit\u00e9s du mois de Juillet pour vos jeunes ados. \u2022 Du lundi 8 au vendredi 12 Juillet, le Pass\u2019Ados sera ouvert tous les apr\u00e8s-midis de 13h30 \u00e0 18h30, au logis d\u2019amiti\u00e9. \u2022 Du Samedi 13 au Mardi 16 Juillet\u00a0: Mini camp \u00e0 Villersexel, au camping \u00ab\u00a0Le Chapeau Chinois\u00a0\u00bb . D\u00e9part avec [&hellip;]\" \/>\n<meta property=\"og:url\" content=\"http:\/\/enfancejeunesse-essert.fr\/index.php\/2024\/06\/20\/vacances-dete-au-passados\/\" \/>\n<meta property=\"og:site_name\" content=\"Enfance jeunesse Essert\" \/>\n<meta property=\"article:published_time\" content=\"2024-06-20T08:31:21+00:00\" \/>\n<meta property=\"article:modified_time\" content=\"2024-06-20T08:32:36+00:00\" \/>\n<meta property=\"og:image\" content=\"http:\/\/enfancejeunesse-essert.fr\/wp-content\/uploads\/2023\/12\/Capture-decran-2023-12-13-a-10.54.58-1024x766.png\" \/>\n\t<meta property=\"og:image:width\" content=\"1024\" \/>\n\t<meta property=\"og:image:height\" content=\"766\" \/>\n\t<meta property=\"og:image:type\" content=\"image\/png\" \/>\n<meta name=\"author\" content=\"Lana Moinault\" \/>\n<meta name=\"twitter:card\" content=\"summary_large_image\" \/>\n<meta name=\"twitter:label1\" content=\"\u00c9crit par\" \/>\n\t<meta name=\"twitter:data1\" content=\"Lana Moinault\" \/>\n\t<meta name=\"twitter:label2\" content=\"Dur\u00e9e de lecture estim\u00e9e\" \/>\n\t<meta name=\"twitter:data2\" content=\"2 minutes\" \/>\n<script type=\"application\/ld+json\" class=\"yoast-schema-graph\">{\"@context\":\"https:\/\/schema.org\",\"@graph\":[{\"@type\":\"Article\",\"@id\":\"http:\/\/enfancejeunesse-essert.fr\/index.php\/2024\/06\/20\/vacances-dete-au-passados\/#article\",\"isPartOf\":{\"@id\":\"http:\/\/enfancejeunesse-essert.fr\/index.php\/2024\/06\/20\/vacances-dete-au-passados\/\"},\"author\":{\"name\":\"Lana Moinault\",\"@id\":\"https:\/\/enfancejeunesse-essert.fr\/#\/schema\/person\/2d0c4329f49f2a0674db0f7958d37ec6\"},\"headline\":\"Vacances d&rsquo;\u00e9t\u00e9 au Pass&rsquo;Ados\",\"datePublished\":\"2024-06-20T08:31:21+00:00\",\"dateModified\":\"2024-06-20T08:32:36+00:00\",\"mainEntityOfPage\":{\"@id\":\"http:\/\/enfancejeunesse-essert.fr\/index.php\/2024\/06\/20\/vacances-dete-au-passados\/\"},\"wordCount\":158,\"publisher\":{\"@id\":\"https:\/\/enfancejeunesse-essert.fr\/#organization\"},\"image\":{\"@id\":\"http:\/\/enfancejeunesse-essert.fr\/index.php\/2024\/06\/20\/vacances-dete-au-passados\/#primaryimage\"},\"thumbnailUrl\":\"https:\/\/enfancejeunesse-essert.fr\/wp-content\/uploads\/2023\/12\/Capture-decran-2023-12-13-a-10.54.58.png\",\"articleSection\":[\"Le Pass'Ados\"],\"inLanguage\":\"fr-FR\"},{\"@type\":\"WebPage\",\"@id\":\"http:\/\/enfancejeunesse-essert.fr\/index.php\/2024\/06\/20\/vacances-dete-au-passados\/\",\"url\":\"http:\/\/enfancejeunesse-essert.fr\/index.php\/2024\/06\/20\/vacances-dete-au-passados\/\",\"name\":\"Vacances d'\u00e9t\u00e9 au Pass'Ados - Enfance jeunesse Essert\",\"isPartOf\":{\"@id\":\"https:\/\/enfancejeunesse-essert.fr\/#website\"},\"primaryImageOfPage\":{\"@id\":\"http:\/\/enfancejeunesse-essert.fr\/index.php\/2024\/06\/20\/vacances-dete-au-passados\/#primaryimage\"},\"image\":{\"@id\":\"http:\/\/enfancejeunesse-essert.fr\/index.php\/2024\/06\/20\/vacances-dete-au-passados\/#primaryimage\"},\"thumbnailUrl\":\"https:\/\/enfancejeunesse-essert.fr\/wp-content\/uploads\/2023\/12\/Capture-decran-2023-12-13-a-10.54.58.png\",\"datePublished\":\"2024-06-20T08:31:21+00:00\",\"dateModified\":\"2024-06-20T08:32:36+00:00\",\"breadcrumb\":{\"@id\":\"http:\/\/enfancejeunesse-essert.fr\/index.php\/2024\/06\/20\/vacances-dete-au-passados\/#breadcrumb\"},\"inLanguage\":\"fr-FR\",\"potentialAction\":[{\"@type\":\"ReadAction\",\"target\":[\"http:\/\/enfancejeunesse-essert.fr\/index.php\/2024\/06\/20\/vacances-dete-au-passados\/\"]}]},{\"@type\":\"ImageObject\",\"inLanguage\":\"fr-FR\",\"@id\":\"http:\/\/enfancejeunesse-essert.fr\/index.php\/2024\/06\/20\/vacances-dete-au-passados\/#primaryimage\",\"url\":\"https:\/\/enfancejeunesse-essert.fr\/wp-content\/uploads\/2023\/12\/Capture-decran-2023-12-13-a-10.54.58.png\",\"contentUrl\":\"https:\/\/enfancejeunesse-essert.fr\/wp-content\/uploads\/2023\/12\/Capture-decran-2023-12-13-a-10.54.58.png\",\"width\":2072,\"height\":1550,\"caption\":\"jeunesse; enfant; centre de loisirs; cr\u00e8che; Essert; esert; esser; garderie; vacances; p\u00e9riscolaire; primaire; maternelle; b\u00e9b\u00e9; petits; ado; adolecents; jeux; activites, articles; infos; inscriptions; repas; loisirs; sorties; admitions, accueil\"},{\"@type\":\"BreadcrumbList\",\"@id\":\"http:\/\/enfancejeunesse-essert.fr\/index.php\/2024\/06\/20\/vacances-dete-au-passados\/#breadcrumb\",\"itemListElement\":[{\"@type\":\"ListItem\",\"position\":1,\"name\":\"Accueil\",\"item\":\"https:\/\/enfancejeunesse-essert.fr\/\"},{\"@type\":\"ListItem\",\"position\":2,\"name\":\"Vacances d&rsquo;\u00e9t\u00e9 au Pass&rsquo;Ados\"}]},{\"@type\":\"WebSite\",\"@id\":\"https:\/\/enfancejeunesse-essert.fr\/#website\",\"url\":\"https:\/\/enfancejeunesse-essert.fr\/\",\"name\":\"Enfance jeunesse Essert\",\"description\":\"Vos actus, planning, dossiers d&#039;inscription...\",\"publisher\":{\"@id\":\"https:\/\/enfancejeunesse-essert.fr\/#organization\"},\"potentialAction\":[{\"@type\":\"SearchAction\",\"target\":{\"@type\":\"EntryPoint\",\"urlTemplate\":\"https:\/\/enfancejeunesse-essert.fr\/?s={search_term_string}\"},\"query-input\":\"required name=search_term_string\"}],\"inLanguage\":\"fr-FR\"},{\"@type\":\"Organization\",\"@id\":\"https:\/\/enfancejeunesse-essert.fr\/#organization\",\"name\":\"Enfance jeunesse Essert\",\"url\":\"https:\/\/enfancejeunesse-essert.fr\/\",\"logo\":{\"@type\":\"ImageObject\",\"inLanguage\":\"fr-FR\",\"@id\":\"https:\/\/enfancejeunesse-essert.fr\/#\/schema\/logo\/image\/\",\"url\":\"https:\/\/enfancejeunesse-essert.fr\/wp-content\/uploads\/2024\/03\/cropped-essert-enfance_Plan-de-travail-1.png\",\"contentUrl\":\"https:\/\/enfancejeunesse-essert.fr\/wp-content\/uploads\/2024\/03\/cropped-essert-enfance_Plan-de-travail-1.png\",\"width\":7057,\"height\":3200,\"caption\":\"Enfance jeunesse Essert\"},\"image\":{\"@id\":\"https:\/\/enfancejeunesse-essert.fr\/#\/schema\/logo\/image\/\"}},{\"@type\":\"Person\",\"@id\":\"https:\/\/enfancejeunesse-essert.fr\/#\/schema\/person\/2d0c4329f49f2a0674db0f7958d37ec6\",\"name\":\"Lana Moinault\",\"image\":{\"@type\":\"ImageObject\",\"inLanguage\":\"fr-FR\",\"@id\":\"https:\/\/enfancejeunesse-essert.fr\/#\/schema\/person\/image\/\",\"url\":\"https:\/\/secure.gravatar.com\/avatar\/b82006bbc180d6cad61681843b700198403053b0595b275ed11fd2ebdf3e1b01?s=96&d=mm&r=g\",\"contentUrl\":\"https:\/\/secure.gravatar.com\/avatar\/b82006bbc180d6cad61681843b700198403053b0595b275ed11fd2ebdf3e1b01?s=96&d=mm&r=g\",\"caption\":\"Lana Moinault\"},\"url\":\"https:\/\/enfancejeunesse-essert.fr\/index.php\/author\/lmoinault\/\"}]}<\/script>\n<!-- \/ Yoast SEO plugin. -->","yoast_head_json":{"title":"Vacances d'\u00e9t\u00e9 au Pass'Ados - Enfance jeunesse Essert","robots":{"index":"index","follow":"follow","max-snippet":"max-snippet:-1","max-image-preview":"max-image-preview:large","max-video-preview":"max-video-preview:-1"},"canonical":"http:\/\/enfancejeunesse-essert.fr\/index.php\/2024\/06\/20\/vacances-dete-au-passados\/","og_locale":"fr_FR","og_type":"article","og_title":"Vacances d'\u00e9t\u00e9 au Pass'Ados - Enfance jeunesse Essert","og_description":"Voici enfin le programme d\u2019activit\u00e9s du mois de Juillet pour vos jeunes ados. \u2022 Du lundi 8 au vendredi 12 Juillet, le Pass\u2019Ados sera ouvert tous les apr\u00e8s-midis de 13h30 \u00e0 18h30, au logis d\u2019amiti\u00e9. \u2022 Du Samedi 13 au Mardi 16 Juillet\u00a0: Mini camp \u00e0 Villersexel, au camping \u00ab\u00a0Le Chapeau Chinois\u00a0\u00bb . D\u00e9part avec [&hellip;]","og_url":"http:\/\/enfancejeunesse-essert.fr\/index.php\/2024\/06\/20\/vacances-dete-au-passados\/","og_site_name":"Enfance jeunesse Essert","article_published_time":"2024-06-20T08:31:21+00:00","article_modified_time":"2024-06-20T08:32:36+00:00","og_image":[{"width":1024,"height":766,"url":"http:\/\/enfancejeunesse-essert.fr\/wp-content\/uploads\/2023\/12\/Capture-decran-2023-12-13-a-10.54.58-1024x766.png","type":"image\/png"}],"author":"Lana Moinault","twitter_card":"summary_large_image","twitter_misc":{"\u00c9crit par":"Lana Moinault","Dur\u00e9e de lecture estim\u00e9e":"2 minutes"},"schema":{"@context":"https:\/\/schema.org","@graph":[{"@type":"Article","@id":"http:\/\/enfancejeunesse-essert.fr\/index.php\/2024\/06\/20\/vacances-dete-au-passados\/#article","isPartOf":{"@id":"http:\/\/enfancejeunesse-essert.fr\/index.php\/2024\/06\/20\/vacances-dete-au-passados\/"},"author":{"name":"Lana Moinault","@id":"https:\/\/enfancejeunesse-essert.fr\/#\/schema\/person\/2d0c4329f49f2a0674db0f7958d37ec6"},"headline":"Vacances d&rsquo;\u00e9t\u00e9 au Pass&rsquo;Ados","datePublished":"2024-06-20T08:31:21+00:00","dateModified":"2024-06-20T08:32:36+00:00","mainEntityOfPage":{"@id":"http:\/\/enfancejeunesse-essert.fr\/index.php\/2024\/06\/20\/vacances-dete-au-passados\/"},"wordCount":158,"publisher":{"@id":"https:\/\/enfancejeunesse-essert.fr\/#organization"},"image":{"@id":"http:\/\/enfancejeunesse-essert.fr\/index.php\/2024\/06\/20\/vacances-dete-au-passados\/#primaryimage"},"thumbnailUrl":"https:\/\/enfancejeunesse-essert.fr\/wp-content\/uploads\/2023\/12\/Capture-decran-2023-12-13-a-10.54.58.png","articleSection":["Le Pass'Ados"],"inLanguage":"fr-FR"},{"@type":"WebPage","@id":"http:\/\/enfancejeunesse-essert.fr\/index.php\/2024\/06\/20\/vacances-dete-au-passados\/","url":"http:\/\/enfancejeunesse-essert.fr\/index.php\/2024\/06\/20\/vacances-dete-au-passados\/","name":"Vacances d'\u00e9t\u00e9 au Pass'Ados - Enfance jeunesse Essert","isPartOf":{"@id":"https:\/\/enfancejeunesse-essert.fr\/#website"},"primaryImageOfPage":{"@id":"http:\/\/enfancejeunesse-essert.fr\/index.php\/2024\/06\/20\/vacances-dete-au-passados\/#primaryimage"},"image":{"@id":"http:\/\/enfancejeunesse-essert.fr\/index.php\/2024\/06\/20\/vacances-dete-au-passados\/#primaryimage"},"thumbnailUrl":"https:\/\/enfancejeunesse-essert.fr\/wp-content\/uploads\/2023\/12\/Capture-decran-2023-12-13-a-10.54.58.png","datePublished":"2024-06-20T08:31:21+00:00","dateModified":"2024-06-20T08:32:36+00:00","breadcrumb":{"@id":"http:\/\/enfancejeunesse-essert.fr\/index.php\/2024\/06\/20\/vacances-dete-au-passados\/#breadcrumb"},"inLanguage":"fr-FR","potentialAction":[{"@type":"ReadAction","target":["http:\/\/enfancejeunesse-essert.fr\/index.php\/2024\/06\/20\/vacances-dete-au-passados\/"]}]},{"@type":"ImageObject","inLanguage":"fr-FR","@id":"http:\/\/enfancejeunesse-essert.fr\/index.php\/2024\/06\/20\/vacances-dete-au-passados\/#primaryimage","url":"https:\/\/enfancejeunesse-essert.fr\/wp-content\/uploads\/2023\/12\/Capture-decran-2023-12-13-a-10.54.58.png","contentUrl":"https:\/\/enfancejeunesse-essert.fr\/wp-content\/uploads\/2023\/12\/Capture-decran-2023-12-13-a-10.54.58.png","width":2072,"height":1550,"caption":"jeunesse; enfant; centre de loisirs; cr\u00e8che; Essert; esert; esser; garderie; vacances; p\u00e9riscolaire; primaire; maternelle; b\u00e9b\u00e9; petits; ado; adolecents; jeux; activites, articles; infos; inscriptions; repas; loisirs; sorties; admitions, accueil"},{"@type":"BreadcrumbList","@id":"http:\/\/enfancejeunesse-essert.fr\/index.php\/2024\/06\/20\/vacances-dete-au-passados\/#breadcrumb","itemListElement":[{"@type":"ListItem","position":1,"name":"Accueil","item":"https:\/\/enfancejeunesse-essert.fr\/"},{"@type":"ListItem","position":2,"name":"Vacances d&rsquo;\u00e9t\u00e9 au Pass&rsquo;Ados"}]},{"@type":"WebSite","@id":"https:\/\/enfancejeunesse-essert.fr\/#website","url":"https:\/\/enfancejeunesse-essert.fr\/","name":"Enfance jeunesse Essert","description":"Vos actus, planning, dossiers d&#039;inscription...","publisher":{"@id":"https:\/\/enfancejeunesse-essert.fr\/#organization"},"potentialAction":[{"@type":"SearchAction","target":{"@type":"EntryPoint","urlTemplate":"https:\/\/enfancejeunesse-essert.fr\/?s={search_term_string}"},"query-input":"required name=search_term_string"}],"inLanguage":"fr-FR"},{"@type":"Organization","@id":"https:\/\/enfancejeunesse-essert.fr\/#organization","name":"Enfance jeunesse Essert","url":"https:\/\/enfancejeunesse-essert.fr\/","logo":{"@type":"ImageObject","inLanguage":"fr-FR","@id":"https:\/\/enfancejeunesse-essert.fr\/#\/schema\/logo\/image\/","url":"https:\/\/enfancejeunesse-essert.fr\/wp-content\/uploads\/2024\/03\/cropped-essert-enfance_Plan-de-travail-1.png","contentUrl":"https:\/\/enfancejeunesse-essert.fr\/wp-content\/uploads\/2024\/03\/cropped-essert-enfance_Plan-de-travail-1.png","width":7057,"height":3200,"caption":"Enfance jeunesse Essert"},"image":{"@id":"https:\/\/enfancejeunesse-essert.fr\/#\/schema\/logo\/image\/"}},{"@type":"Person","@id":"https:\/\/enfancejeunesse-essert.fr\/#\/schema\/person\/2d0c4329f49f2a0674db0f7958d37ec6","name":"Lana Moinault","image":{"@type":"ImageObject","inLanguage":"fr-FR","@id":"https:\/\/enfancejeunesse-essert.fr\/#\/schema\/person\/image\/","url":"https:\/\/secure.gravatar.com\/avatar\/b82006bbc180d6cad61681843b700198403053b0595b275ed11fd2ebdf3e1b01?s=96&d=mm&r=g","contentUrl":"https:\/\/secure.gravatar.com\/avatar\/b82006bbc180d6cad61681843b700198403053b0595b275ed11fd2ebdf3e1b01?s=96&d=mm&r=g","caption":"Lana Moinault"},"url":"https:\/\/enfancejeunesse-essert.fr\/index.php\/author\/lmoinault\/"}]}},"_links":{"self":[{"href":"https:\/\/enfancejeunesse-essert.fr\/index.php\/wp-json\/wp\/v2\/posts\/1736","targetHints":{"allow":["GET"]}}],"collection":[{"href":"https:\/\/enfancejeunesse-essert.fr\/index.php\/wp-json\/wp\/v2\/posts"}],"about":[{"href":"https:\/\/enfancejeunesse-essert.fr\/index.php\/wp-json\/wp\/v2\/types\/post"}],"author":[{"embeddable":true,"href":"https:\/\/enfancejeunesse-essert.fr\/index.php\/wp-json\/wp\/v2\/users\/2"}],"replies":[{"embeddable":true,"href":"https:\/\/enfancejeunesse-essert.fr\/index.php\/wp-json\/wp\/v2\/comments?post=1736"}],"version-history":[{"count":10,"href":"https:\/\/enfancejeunesse-essert.fr\/index.php\/wp-json\/wp\/v2\/posts\/1736\/revisions"}],"predecessor-version":[{"id":1749,"href":"https:\/\/enfancejeunesse-essert.fr\/index.php\/wp-json\/wp\/v2\/posts\/1736\/revisions\/1749"}],"wp:featuredmedia":[{"embeddable":true,"href":"https:\/\/enfancejeunesse-essert.fr\/index.php\/wp-json\/wp\/v2\/media\/636"}],"wp:attachment":[{"href":"https:\/\/enfancejeunesse-essert.fr\/index.php\/wp-json\/wp\/v2\/media?parent=1736"}],"wp:term":[{"taxonomy":"category","embeddable":true,"href":"https:\/\/enfancejeunesse-essert.fr\/index.php\/wp-json\/wp\/v2\/categories?post=1736"},{"taxonomy":"post_tag","embeddable":true,"href":"https:\/\/enfancejeunesse-essert.fr\/index.php\/wp-json\/wp\/v2\/tags?post=1736"}],"curies":[{"name":"wp","href":"https:\/\/api.w.org\/{rel}","templated":true}]}}